{"id":3109,"date":"2025-05-12T11:03:34","date_gmt":"2025-05-12T09:03:34","guid":{"rendered":"https:\/\/www.amegan.sk\/construction-of-fencing-and-closure-of-the-residence\/"},"modified":"2025-11-04T11:06:06","modified_gmt":"2025-11-04T10:06:06","slug":"construction-of-fencing-and-closure-of-the-residence","status":"publish","type":"post","link":"https:\/\/www.amegan.sk\/en\/construction-of-fencing-and-closure-of-the-residence\/","title":{"rendered":"Construction of fencing and closure of the Residence"},"content":{"rendered":"\t\t<div data-elementor-type=\"wp-post\" data-elementor-id=\"3109\" class=\"elementor elementor-3109 elementor-3101\">\n\t\t\t\t\t\t<section class=\"elementor-section elementor-top-section elementor-element elementor-element-7a2dd4ee elementor-section-full_width elementor-section-height-default elementor-section-height-default\" data-id=\"7a2dd4ee\" data-element_type=\"section\">\n\t\t\t\t\t\t<div class=\"elementor-container elementor-column-gap-default\">\n\t\t\t\t\t<div class=\"elementor-column elementor-col-100 elementor-top-column elementor-element elementor-element-79b081d\" data-id=\"79b081d\" data-element_type=\"column\">\n\t\t\t<div class=\"elementor-widget-wrap elementor-element-populated\">\n\t\t\t\t\t\t<section class=\"elementor-section elementor-inner-section elementor-element elementor-element-51997383 elementor-section-boxed elementor-section-height-default elementor-section-height-default\" data-id=\"51997383\" data-element_type=\"section\">\n\t\t\t\t\t\t<div class=\"elementor-container elementor-column-gap-default\">\n\t\t\t\t\t<div class=\"elementor-column elementor-col-100 elementor-inner-column elementor-element elementor-element-2b1662da\" data-id=\"2b1662da\" data-element_type=\"column\">\n\t\t\t<div class=\"elementor-widget-wrap elementor-element-populated\">\n\t\t\t\t\t\t<div class=\"elementor-element elementor-element-26acb835 elementor-widget elementor-widget-bauen-title\" data-id=\"26acb835\" data-element_type=\"widget\" data-widget_type=\"bauen-title.default\">\n\t\t\t\t<div class=\"elementor-widget-container\">\n\t\t\t\t\t\t\t\n\t\t\t\t\t\t\t\t<h2 class=\"section-title2 text-left\">Stavba oplotenia a uzatv\u00e1ranie Rezidencie\n<\/h2>\n\t\t\t\t\t\t\t\t\t\t\t\n\t\t\n\t\t\t\n        \t\t\t\t<\/div>\n\t\t\t\t<\/div>\n\t\t\t\t<div class=\"elementor-element elementor-element-b80d6ea elementor-widget elementor-widget-bauen-text\" data-id=\"b80d6ea\" data-element_type=\"widget\" data-widget_type=\"bauen-text.default\">\n\t\t\t\t<div class=\"elementor-widget-container\">\n\t\t\t\t\t\t\t<div class=\"bn-text-block clear \">\n\t\t<div class=\"xdj266r x11i5rnm xat24cr x1mh8g0r x1vvkbs x126k92a\"><div class=\"x11i5rnm xat24cr x1mh8g0r x1vvkbs xtlvy1s x126k92a\"><div dir=\"auto\"><div class=\"elementor-element elementor-element-43708b7d sc_fly_static elementor-widget elementor-widget-text-editor trx_addons_parallax_layers_inited trx_addons_parallax_blocks_inited\" data-id=\"43708b7d\" data-element_type=\"widget\" data-widget_type=\"text-editor.default\"><div class=\"elementor-widget-container\"><div class=\"xdj266r x11i5rnm xat24cr x1mh8g0r x1vvkbs x126k92a\"><div class=\"x11i5rnm xat24cr x1mh8g0r x1vvkbs xtlvy1s x126k92a\"><div dir=\"auto\">V Rezidencii \u010eurkov kladieme d\u00f4raz na ka\u017ed\u00fd detail \u2013 a preto u\u017e prebiehaj\u00fa pr\u00e1ce na\u00a0<strong>oploten\u00ed viladomov<\/strong>, ktor\u00e9 bud\u00facim obyvate\u013eom prines\u00fa pocit bezpe\u010dia, pokoja a s\u00fakromia. Krok za krokom budujeme miesto, kde sa budete c\u00edti\u0165 naozaj doma \u2013 s vlastn\u00fdm priestorom, zele\u0148ou a tich\u00fdm prostred\u00edm len p\u00e1r min\u00fat od Ko\u0161\u00edc.<\/div><\/div><\/div><\/div><\/div><div class=\"elementor-element elementor-element-8ddd99d sc_fly_static elementor-widget elementor-widget-image-gallery trx_addons_parallax_layers_inited trx_addons_parallax_blocks_inited\" data-id=\"8ddd99d\" data-element_type=\"widget\" data-widget_type=\"image-gallery.default\"><div class=\"elementor-widget-container\"><div class=\"elementor-image-gallery\"><div id=\"gallery-1\" class=\"gallery galleryid-5291 gallery-columns-3 gallery-size-large\"><figure class=\"gallery-item\"><div class=\"gallery-icon portrait\">\u00a0<\/div><\/figure><\/div><\/div><\/div><\/div><\/div><\/div><\/div>\t\t<\/div>\n\t\t\t\t\t\t<\/div>\n\t\t\t\t<\/div>\n\t\t\t\t<div class=\"elementor-element elementor-element-390d310 elementor-widget elementor-widget-image-gallery\" data-id=\"390d310\" data-element_type=\"widget\" data-widget_type=\"image-gallery.default\">\n\t\t\t\t<div class=\"elementor-widget-container\">\n\t\t\t\t\t\t\t<div class=\"elementor-image-gallery\">\n\t\t\t\n\t\t<style type=\"text\/css\">\n\t\t\t#gallery-1 {\n\t\t\t\tmargin: auto;\n\t\t\t}\n\t\t\t#gallery-1 .gallery-item {\n\t\t\t\tfloat: left;\n\t\t\t\tmargin-top: 10px;\n\t\t\t\ttext-align: center;\n\t\t\t\twidth: 33%;\n\t\t\t}\n\t\t\t#gallery-1 img {\n\t\t\t\tborder: 2px solid #cfcfcf;\n\t\t\t}\n\t\t\t#gallery-1 .gallery-caption {\n\t\t\t\tmargin-left: 0;\n\t\t\t}\n\t\t\t\/* see gallery_shortcode() in wp-includes\/media.php *\/\n\t\t<\/style>\n\t\t<div id='gallery-1' class='gallery galleryid-3109 gallery-columns-3 gallery-size-large'><dl class='gallery-item'>\n\t\t\t<dt class='gallery-icon portrait'>\n\t\t\t\t<a data-elementor-open-lightbox=\"yes\" data-elementor-lightbox-slideshow=\"390d310\" data-elementor-lightbox-title=\"IMG_3940-scaled\" data-e-action-hash=\"#elementor-action%3Aaction%3Dlightbox%26settings%3DeyJpZCI6MzEwNywidXJsIjoiaHR0cHM6XC9cL3d3dy5hbWVnYW4uc2tcL3dwLWNvbnRlbnRcL3VwbG9hZHNcLzIwMjVcLzExXC9JTUdfMzk0MC1zY2FsZWQtMS5qcGciLCJzbGlkZXNob3ciOiIzOTBkMzEwIn0%3D\" href='https:\/\/www.amegan.sk\/wp-content\/uploads\/2025\/11\/IMG_3940-scaled-1.jpg'><img fetchpriority=\"high\" decoding=\"async\" width=\"768\" height=\"1024\" src=\"https:\/\/www.amegan.sk\/wp-content\/uploads\/2025\/11\/IMG_3940-scaled-1-768x1024.jpg\" class=\"attachment-large size-large\" alt=\"\" srcset=\"https:\/\/www.amegan.sk\/wp-content\/uploads\/2025\/11\/IMG_3940-scaled-1-768x1024.jpg 768w, https:\/\/www.amegan.sk\/wp-content\/uploads\/2025\/11\/IMG_3940-scaled-1-225x300.jpg 225w, https:\/\/www.amegan.sk\/wp-content\/uploads\/2025\/11\/IMG_3940-scaled-1-1152x1536.jpg 1152w, https:\/\/www.amegan.sk\/wp-content\/uploads\/2025\/11\/IMG_3940-scaled-1-1536x2048.jpg 1536w, https:\/\/www.amegan.sk\/wp-content\/uploads\/2025\/11\/IMG_3940-scaled-1.jpg 1920w\" sizes=\"(max-width: 768px) 100vw, 768px\" \/><\/a>\n\t\t\t<\/dt><\/dl><dl class='gallery-item'>\n\t\t\t<dt class='gallery-icon landscape'>\n\t\t\t\t<a data-elementor-open-lightbox=\"yes\" data-elementor-lightbox-slideshow=\"390d310\" data-elementor-lightbox-title=\"20250422_142133-scaled\" data-e-action-hash=\"#elementor-action%3Aaction%3Dlightbox%26settings%3DeyJpZCI6MzEwNSwidXJsIjoiaHR0cHM6XC9cL3d3dy5hbWVnYW4uc2tcL3dwLWNvbnRlbnRcL3VwbG9hZHNcLzIwMjVcLzExXC8yMDI1MDQyMl8xNDIxMzMtc2NhbGVkLTEuanBnIiwic2xpZGVzaG93IjoiMzkwZDMxMCJ9\" href='https:\/\/www.amegan.sk\/wp-content\/uploads\/2025\/11\/20250422_142133-scaled-1.jpg'><img decoding=\"async\" width=\"900\" height=\"675\" src=\"https:\/\/www.amegan.sk\/wp-content\/uploads\/2025\/11\/20250422_142133-scaled-1-1024x768.jpg\" class=\"attachment-large size-large\" alt=\"\" srcset=\"https:\/\/www.amegan.sk\/wp-content\/uploads\/2025\/11\/20250422_142133-scaled-1-1024x768.jpg 1024w, https:\/\/www.amegan.sk\/wp-content\/uploads\/2025\/11\/20250422_142133-scaled-1-300x225.jpg 300w, https:\/\/www.amegan.sk\/wp-content\/uploads\/2025\/11\/20250422_142133-scaled-1-768x576.jpg 768w, https:\/\/www.amegan.sk\/wp-content\/uploads\/2025\/11\/20250422_142133-scaled-1-1536x1152.jpg 1536w, https:\/\/www.amegan.sk\/wp-content\/uploads\/2025\/11\/20250422_142133-scaled-1-2048x1536.jpg 2048w\" sizes=\"(max-width: 900px) 100vw, 900px\" \/><\/a>\n\t\t\t<\/dt><\/dl><dl class='gallery-item'>\n\t\t\t<dt class='gallery-icon portrait'>\n\t\t\t\t<a data-elementor-open-lightbox=\"yes\" data-elementor-lightbox-slideshow=\"390d310\" data-elementor-lightbox-title=\"IMG_3932-scaled\" data-e-action-hash=\"#elementor-action%3Aaction%3Dlightbox%26settings%3DeyJpZCI6MzEwMywidXJsIjoiaHR0cHM6XC9cL3d3dy5hbWVnYW4uc2tcL3dwLWNvbnRlbnRcL3VwbG9hZHNcLzIwMjVcLzExXC9JTUdfMzkzMi1zY2FsZWQtMS5qcGciLCJzbGlkZXNob3ciOiIzOTBkMzEwIn0%3D\" href='https:\/\/www.amegan.sk\/wp-content\/uploads\/2025\/11\/IMG_3932-scaled-1.jpg'><img decoding=\"async\" width=\"768\" height=\"1024\" src=\"https:\/\/www.amegan.sk\/wp-content\/uploads\/2025\/11\/IMG_3932-scaled-1-768x1024.jpg\" class=\"attachment-large size-large\" alt=\"\" srcset=\"https:\/\/www.amegan.sk\/wp-content\/uploads\/2025\/11\/IMG_3932-scaled-1-768x1024.jpg 768w, https:\/\/www.amegan.sk\/wp-content\/uploads\/2025\/11\/IMG_3932-scaled-1-225x300.jpg 225w, https:\/\/www.amegan.sk\/wp-content\/uploads\/2025\/11\/IMG_3932-scaled-1-1152x1536.jpg 1152w, https:\/\/www.amegan.sk\/wp-content\/uploads\/2025\/11\/IMG_3932-scaled-1-1536x2048.jpg 1536w, https:\/\/www.amegan.sk\/wp-content\/uploads\/2025\/11\/IMG_3932-scaled-1.jpg 1920w\" sizes=\"(max-width: 768px) 100vw, 768px\" \/><\/a>\n\t\t\t<\/dt><\/dl><br style=\"clear: both\" \/>\n\t\t<\/div>\n\t\t<\/div>\n\t\t\t\t\t\t<\/div>\n\t\t\t\t<\/div>\n\t\t\t\t\t<\/div>\n\t\t<\/div>\n\t\t\t\t\t<\/div>\n\t\t<\/section>\n\t\t\t\t\t<\/div>\n\t\t<\/div>\n\t\t\t\t\t<\/div>\n\t\t<\/section>\n\t\t\t\t<\/div>\n\t\t","protected":false},"excerpt":{"rendered":"<p>Stavba oplotenia a uzatv\u00e1ranie Rezidencie V Rezidencii \u010eurkov kladieme d\u00f4raz na ka\u017ed\u00fd detail \u2013 a preto u\u017e prebiehaj\u00fa pr\u00e1ce na\u00a0oploten\u00ed viladomov, ktor\u00e9 bud\u00facim obyvate\u013eom prines\u00fa pocit bezpe\u010dia, pokoja a s\u00fakromia. Krok za krokom budujeme miesto, kde sa budete c\u00edti\u0165 naozaj doma \u2013 s vlastn\u00fdm priestorom, zele\u0148ou a tich\u00fdm prostred\u00edm len p\u00e1r min\u00fat od Ko\u0161\u00edc. \u00a0<\/p>\n","protected":false},"author":1,"featured_media":3105,"comment_status":"closed","ping_status":"closed","sticky":false,"template":"","format":"standard","meta":{"_monsterinsights_skip_tracking":false,"_monsterinsights_sitenote_active":false,"_monsterinsights_sitenote_note":"","_monsterinsights_sitenote_category":0,"_uf_show_specific_survey":0,"_uf_disable_surveys":false,"footnotes":"","_links_to":"","_links_to_target":""},"categories":[31],"tags":[],"class_list":["post-3109","post","type-post","status-publish","format-standard","has-post-thumbnail","hentry","category-residence-durkov"],"yoast_head":"<!-- This site is optimized with the Yoast SEO plugin v26.4 - https:\/\/yoast.com\/wordpress\/plugins\/seo\/ -->\n<title>Construction of fencing and closure of the Residence - AMEGAN<\/title>\n<meta name=\"description\" content=\"As part of the construction process at the \u010eurkov Residence, we have completed the installation of windows and doors. This step closed the rough construction of both buildings.The closure of the buildings will allow for the continuation of the interior work, especially the installation of internal wiring and preparation for the next stages of construction.\" \/>\n<meta name=\"robots\" content=\"index, follow, max-snippet:-1, max-image-preview:large, max-video-preview:-1\" \/>\n<link rel=\"canonical\" href=\"https:\/\/www.amegan.sk\/en\/construction-of-fencing-and-closure-of-the-residence\/\" \/>\n<meta property=\"og:locale\" content=\"en_US\" \/>\n<meta property=\"og:type\" content=\"article\" \/>\n<meta property=\"og:title\" content=\"Construction of fencing and closure of the Residence - AMEGAN\" \/>\n<meta property=\"og:description\" content=\"As part of the construction process at the \u010eurkov Residence, we have completed the installation of windows and doors. This step closed the rough construction of both buildings.The closure of the buildings will allow for the continuation of the interior work, especially the installation of internal wiring and preparation for the next stages of construction.\" \/>\n<meta property=\"og:url\" content=\"https:\/\/www.amegan.sk\/en\/construction-of-fencing-and-closure-of-the-residence\/\" \/>\n<meta property=\"og:site_name\" content=\"AMEGAN\" \/>\n<meta property=\"article:published_time\" content=\"2025-05-12T09:03:34+00:00\" \/>\n<meta property=\"article:modified_time\" content=\"2025-11-04T10:06:06+00:00\" \/>\n<meta property=\"og:image\" content=\"https:\/\/www.amegan.sk\/wp-content\/uploads\/2025\/11\/20250422_142133-scaled-1-1024x768.jpg\" \/>\n\t<meta property=\"og:image:width\" content=\"1024\" \/>\n\t<meta property=\"og:image:height\" content=\"768\" \/>\n\t<meta property=\"og:image:type\" content=\"image\/jpeg\" \/>\n<meta name=\"author\" content=\"Kasiol\" \/>\n<meta name=\"twitter:card\" content=\"summary_large_image\" \/>\n<meta name=\"twitter:label1\" content=\"Written by\" \/>\n\t<meta name=\"twitter:data1\" content=\"Kasiol\" \/>\n<script type=\"application\/ld+json\" class=\"yoast-schema-graph\">{\"@context\":\"https:\/\/schema.org\",\"@graph\":[{\"@type\":\"WebPage\",\"@id\":\"https:\/\/www.amegan.sk\/en\/construction-of-fencing-and-closure-of-the-residence\/\",\"url\":\"https:\/\/www.amegan.sk\/en\/construction-of-fencing-and-closure-of-the-residence\/\",\"name\":\"Construction of fencing and closure of the Residence - AMEGAN\",\"isPartOf\":{\"@id\":\"https:\/\/www.amegan.sk\/en\/#website\"},\"primaryImageOfPage\":{\"@id\":\"https:\/\/www.amegan.sk\/en\/construction-of-fencing-and-closure-of-the-residence\/#primaryimage\"},\"image\":{\"@id\":\"https:\/\/www.amegan.sk\/en\/construction-of-fencing-and-closure-of-the-residence\/#primaryimage\"},\"thumbnailUrl\":\"https:\/\/www.amegan.sk\/wp-content\/uploads\/2025\/11\/20250422_142133-scaled-1.jpg\",\"datePublished\":\"2025-05-12T09:03:34+00:00\",\"dateModified\":\"2025-11-04T10:06:06+00:00\",\"author\":{\"@id\":\"https:\/\/www.amegan.sk\/en\/#\/schema\/person\/79fa63029708c940d91175159fc54b80\"},\"description\":\"As part of the construction process at the \u010eurkov Residence, we have completed the installation of windows and doors. This step closed the rough construction of both buildings.The closure of the buildings will allow for the continuation of the interior work, especially the installation of internal wiring and preparation for the next stages of construction.\",\"breadcrumb\":{\"@id\":\"https:\/\/www.amegan.sk\/en\/construction-of-fencing-and-closure-of-the-residence\/#breadcrumb\"},\"inLanguage\":\"en-US\",\"potentialAction\":[{\"@type\":\"ReadAction\",\"target\":[\"https:\/\/www.amegan.sk\/en\/construction-of-fencing-and-closure-of-the-residence\/\"]}]},{\"@type\":\"ImageObject\",\"inLanguage\":\"en-US\",\"@id\":\"https:\/\/www.amegan.sk\/en\/construction-of-fencing-and-closure-of-the-residence\/#primaryimage\",\"url\":\"https:\/\/www.amegan.sk\/wp-content\/uploads\/2025\/11\/20250422_142133-scaled-1.jpg\",\"contentUrl\":\"https:\/\/www.amegan.sk\/wp-content\/uploads\/2025\/11\/20250422_142133-scaled-1.jpg\",\"width\":2560,\"height\":1920},{\"@type\":\"BreadcrumbList\",\"@id\":\"https:\/\/www.amegan.sk\/en\/construction-of-fencing-and-closure-of-the-residence\/#breadcrumb\",\"itemListElement\":[{\"@type\":\"ListItem\",\"position\":1,\"name\":\"Domovsk\u00e1 str\u00e1nka\",\"item\":\"https:\/\/www.amegan.sk\/en\/\"},{\"@type\":\"ListItem\",\"position\":2,\"name\":\"Construction of fencing and closure of the Residence\"}]},{\"@type\":\"WebSite\",\"@id\":\"https:\/\/www.amegan.sk\/en\/#website\",\"url\":\"https:\/\/www.amegan.sk\/en\/\",\"name\":\"AMEGAN\",\"description\":\"\",\"potentialAction\":[{\"@type\":\"SearchAction\",\"target\":{\"@type\":\"EntryPoint\",\"urlTemplate\":\"https:\/\/www.amegan.sk\/en\/?s={search_term_string}\"},\"query-input\":{\"@type\":\"PropertyValueSpecification\",\"valueRequired\":true,\"valueName\":\"search_term_string\"}}],\"inLanguage\":\"en-US\"},{\"@type\":\"Person\",\"@id\":\"https:\/\/www.amegan.sk\/en\/#\/schema\/person\/79fa63029708c940d91175159fc54b80\",\"name\":\"Kasiol\",\"image\":{\"@type\":\"ImageObject\",\"inLanguage\":\"en-US\",\"@id\":\"https:\/\/www.amegan.sk\/en\/#\/schema\/person\/image\/\",\"url\":\"https:\/\/secure.gravatar.com\/avatar\/5144c5ef75a41dd15914e0a725c7688616c488250f7ccc28b019dd4ce96d4251?s=96&d=mm&r=g\",\"contentUrl\":\"https:\/\/secure.gravatar.com\/avatar\/5144c5ef75a41dd15914e0a725c7688616c488250f7ccc28b019dd4ce96d4251?s=96&d=mm&r=g\",\"caption\":\"Kasiol\"},\"sameAs\":[\"https:\/\/www.amegan.sk\"],\"url\":\"https:\/\/www.amegan.sk\/en\/author\/kasiol\/\"}]}<\/script>\n<!-- \/ Yoast SEO plugin. -->","yoast_head_json":{"title":"Construction of fencing and closure of the Residence - AMEGAN","description":"As part of the construction process at the \u010eurkov Residence, we have completed the installation of windows and doors. This step closed the rough construction of both buildings.The closure of the buildings will allow for the continuation of the interior work, especially the installation of internal wiring and preparation for the next stages of construction.","robots":{"index":"index","follow":"follow","max-snippet":"max-snippet:-1","max-image-preview":"max-image-preview:large","max-video-preview":"max-video-preview:-1"},"canonical":"https:\/\/www.amegan.sk\/en\/construction-of-fencing-and-closure-of-the-residence\/","og_locale":"en_US","og_type":"article","og_title":"Construction of fencing and closure of the Residence - AMEGAN","og_description":"As part of the construction process at the \u010eurkov Residence, we have completed the installation of windows and doors. This step closed the rough construction of both buildings.The closure of the buildings will allow for the continuation of the interior work, especially the installation of internal wiring and preparation for the next stages of construction.","og_url":"https:\/\/www.amegan.sk\/en\/construction-of-fencing-and-closure-of-the-residence\/","og_site_name":"AMEGAN","article_published_time":"2025-05-12T09:03:34+00:00","article_modified_time":"2025-11-04T10:06:06+00:00","og_image":[{"width":1024,"height":768,"url":"https:\/\/www.amegan.sk\/wp-content\/uploads\/2025\/11\/20250422_142133-scaled-1-1024x768.jpg","type":"image\/jpeg"}],"author":"Kasiol","twitter_card":"summary_large_image","twitter_misc":{"Written by":"Kasiol"},"schema":{"@context":"https:\/\/schema.org","@graph":[{"@type":"WebPage","@id":"https:\/\/www.amegan.sk\/en\/construction-of-fencing-and-closure-of-the-residence\/","url":"https:\/\/www.amegan.sk\/en\/construction-of-fencing-and-closure-of-the-residence\/","name":"Construction of fencing and closure of the Residence - AMEGAN","isPartOf":{"@id":"https:\/\/www.amegan.sk\/en\/#website"},"primaryImageOfPage":{"@id":"https:\/\/www.amegan.sk\/en\/construction-of-fencing-and-closure-of-the-residence\/#primaryimage"},"image":{"@id":"https:\/\/www.amegan.sk\/en\/construction-of-fencing-and-closure-of-the-residence\/#primaryimage"},"thumbnailUrl":"https:\/\/www.amegan.sk\/wp-content\/uploads\/2025\/11\/20250422_142133-scaled-1.jpg","datePublished":"2025-05-12T09:03:34+00:00","dateModified":"2025-11-04T10:06:06+00:00","author":{"@id":"https:\/\/www.amegan.sk\/en\/#\/schema\/person\/79fa63029708c940d91175159fc54b80"},"description":"As part of the construction process at the \u010eurkov Residence, we have completed the installation of windows and doors. This step closed the rough construction of both buildings.The closure of the buildings will allow for the continuation of the interior work, especially the installation of internal wiring and preparation for the next stages of construction.","breadcrumb":{"@id":"https:\/\/www.amegan.sk\/en\/construction-of-fencing-and-closure-of-the-residence\/#breadcrumb"},"inLanguage":"en-US","potentialAction":[{"@type":"ReadAction","target":["https:\/\/www.amegan.sk\/en\/construction-of-fencing-and-closure-of-the-residence\/"]}]},{"@type":"ImageObject","inLanguage":"en-US","@id":"https:\/\/www.amegan.sk\/en\/construction-of-fencing-and-closure-of-the-residence\/#primaryimage","url":"https:\/\/www.amegan.sk\/wp-content\/uploads\/2025\/11\/20250422_142133-scaled-1.jpg","contentUrl":"https:\/\/www.amegan.sk\/wp-content\/uploads\/2025\/11\/20250422_142133-scaled-1.jpg","width":2560,"height":1920},{"@type":"BreadcrumbList","@id":"https:\/\/www.amegan.sk\/en\/construction-of-fencing-and-closure-of-the-residence\/#breadcrumb","itemListElement":[{"@type":"ListItem","position":1,"name":"Domovsk\u00e1 str\u00e1nka","item":"https:\/\/www.amegan.sk\/en\/"},{"@type":"ListItem","position":2,"name":"Construction of fencing and closure of the Residence"}]},{"@type":"WebSite","@id":"https:\/\/www.amegan.sk\/en\/#website","url":"https:\/\/www.amegan.sk\/en\/","name":"AMEGAN","description":"","potentialAction":[{"@type":"SearchAction","target":{"@type":"EntryPoint","urlTemplate":"https:\/\/www.amegan.sk\/en\/?s={search_term_string}"},"query-input":{"@type":"PropertyValueSpecification","valueRequired":true,"valueName":"search_term_string"}}],"inLanguage":"en-US"},{"@type":"Person","@id":"https:\/\/www.amegan.sk\/en\/#\/schema\/person\/79fa63029708c940d91175159fc54b80","name":"Kasiol","image":{"@type":"ImageObject","inLanguage":"en-US","@id":"https:\/\/www.amegan.sk\/en\/#\/schema\/person\/image\/","url":"https:\/\/secure.gravatar.com\/avatar\/5144c5ef75a41dd15914e0a725c7688616c488250f7ccc28b019dd4ce96d4251?s=96&d=mm&r=g","contentUrl":"https:\/\/secure.gravatar.com\/avatar\/5144c5ef75a41dd15914e0a725c7688616c488250f7ccc28b019dd4ce96d4251?s=96&d=mm&r=g","caption":"Kasiol"},"sameAs":["https:\/\/www.amegan.sk"],"url":"https:\/\/www.amegan.sk\/en\/author\/kasiol\/"}]}},"_links":{"self":[{"href":"https:\/\/www.amegan.sk\/en\/wp-json\/wp\/v2\/posts\/3109","targetHints":{"allow":["GET"]}}],"collection":[{"href":"https:\/\/www.amegan.sk\/en\/wp-json\/wp\/v2\/posts"}],"about":[{"href":"https:\/\/www.amegan.sk\/en\/wp-json\/wp\/v2\/types\/post"}],"author":[{"embeddable":true,"href":"https:\/\/www.amegan.sk\/en\/wp-json\/wp\/v2\/users\/1"}],"replies":[{"embeddable":true,"href":"https:\/\/www.amegan.sk\/en\/wp-json\/wp\/v2\/comments?post=3109"}],"version-history":[{"count":4,"href":"https:\/\/www.amegan.sk\/en\/wp-json\/wp\/v2\/posts\/3109\/revisions"}],"predecessor-version":[{"id":3116,"href":"https:\/\/www.amegan.sk\/en\/wp-json\/wp\/v2\/posts\/3109\/revisions\/3116"}],"wp:featuredmedia":[{"embeddable":true,"href":"https:\/\/www.amegan.sk\/en\/wp-json\/wp\/v2\/media\/3105"}],"wp:attachment":[{"href":"https:\/\/www.amegan.sk\/en\/wp-json\/wp\/v2\/media?parent=3109"}],"wp:term":[{"taxonomy":"category","embeddable":true,"href":"https:\/\/www.amegan.sk\/en\/wp-json\/wp\/v2\/categories?post=3109"},{"taxonomy":"post_tag","embeddable":true,"href":"https:\/\/www.amegan.sk\/en\/wp-json\/wp\/v2\/tags?post=3109"}],"curies":[{"name":"wp","href":"https:\/\/api.w.org\/{rel}","templated":true}]}}